{"id":2165,"date":"2026-08-28T10:15:54","date_gmt":"2026-08-28T08:15:54","guid":{"rendered":"https:\/\/der-pflegedoktor.de\/blog\/?p=2165"},"modified":"2026-08-28T10:15:56","modified_gmt":"2026-08-28T08:15:56","slug":"ratgeber-aufstellen-anschliessen-kuehlgeraet","status":"publish","type":"post","link":"https:\/\/der-pflegedoktor.de\/blog\/ratgeber-aufstellen-anschliessen-kuehlgeraet\/","title":{"rendered":"Ratgeber f\u00fcr das  Aufstellen und Anschlie\u00dfen Ihres K\u00fchlger\u00e4ts"},"content":{"rendered":"\n<p class=\"wp-block-paragraph\"><a href=\"https:\/\/der-pflegedoktor.de\/blog\/ratgeber-aufstellen-anschliessen-kuehlgeraet\/\"><img loading=\"lazy\" decoding=\"async\" class=\"alignnone size-medium\" src=\"https:\/\/www.der-pflegedoktor.de\/foto-wp-kuehlschrank-aufstellen-titelbild-620x485.jpg\" width=\"620\" height=\"485\"><\/a><br>\n<em>(Fotos, Grafiken &amp; Bildmontagen aus Fotoarchiv von AS Ulm &#8211; Der Pflegedoktor f\u00fcr Haushaltsger\u00e4te \/ Titelfoto: KI-generiert \/ <a href=\"https:\/\/www.asulm.de\/i\/ueber-uns\" target=\"_blank\" rel=\"noopener\"><span style=\"color: :#d63c42;\">Autor: Achim Schmid<\/span><\/a>)<\/em><\/p>\n\n\n\n<p class=\"wp-block-paragraph\"><strong>HINWEIS:<\/strong><br>Wenn Sie sich bei der Aufstellung Ihres K\u00fchlschranks nicht sicher sind, sollten Sie immer eine qualifizierte Fachkraft konsultieren.<\/p>\n\n\n\n<p class=\"wp-block-paragraph\"><strong>Wenn Sie Ihren neuen K\u00fchlschrank selbst aufstellen, sollten Sie unbedingt folgendes beachten.<\/strong><br>Nehmen Sie immer zuerst Ihre Bedienungsanleitung zur Hand. Dort finden Sie vom Hersteller wertvolle Tipps, wie Sie Ihre K\u00fchlger\u00e4t aufstellen sollten.<br>Bitte achten Sie unbedingt auch auf die notwendigen Hinweise unter dem Punkt \u2013 <strong>Vor der ersten Inbetriebnahme<\/strong> \u2013<\/p>\n\n\n\n<h2 class=\"wp-block-heading\">So stellen Sie Ihr neues K\u00fchlger\u00e4t richtig auf<\/h2>\n\n\n\n<p class=\"wp-block-paragraph\">W\u00e4hlen Sie zuerst den Platz aus, wo Ihre K\u00fchl- Gefrierkombination bzw. Ihr K\u00fchlschrank stehen soll.<\/p>\n\n\n\n<p class=\"wp-block-paragraph\"><strong>Untergrund:<\/strong> Der Boden muss trocken, eben und fest sein.<br><strong>Wandabstand: <\/strong>Lassen Sie nach hinten und zu den Seiten ein paar Zentimeter Luft (ca.5 bis 10 cm), damit die warme Luft entweichen kann und keine brummenden Ger\u00e4usche durch Vibrationen entstehen.<a><br><\/a><strong>Keine Hitze: <\/strong>Vermeiden Sie die direkte Sonneneinwirkung, die N\u00e4he zum Herd und zum Heizk\u00f6rper.<\/p>\n\n\n\n<p class=\"wp-block-paragraph\">K\u00fchlger\u00e4te haben meistens nur vorne F\u00fc\u00dfe, hinten sind Rollen. Stellen Sie zun\u00e4chst die F\u00fc\u00dfe an Ihrem K\u00fchlschrank so ein, dass Ihr K\u00fchlger\u00e4te sicher steht.<\/p>\n\n\n\n<h2 class=\"wp-block-heading\">So richten Sie Ihr neues K\u00fchlger\u00e4t richtig aus<\/h2>\n\n\n\n<p class=\"wp-block-paragraph\">Ist Ihr K\u00fchlger\u00e4t soweit aufgestellt, geht es an die Feinheiten.<br>Es ist sehr wichtig, dass Ihr K\u00fchlschrank <strong>waagrecht steht<\/strong>, besser ist es sogar noch, wenn Ihr Ger\u00e4t <strong>ganz minimal<\/strong> nach hinten geneigt steht. So kann das Wasser hinten auch besser ablaufen. Au\u00dferdem haben Sie den Vorteil, wenn Sie etwas Rollendes in Ihren K\u00fchlschrank legen, rollt es nach hinten und f\u00e4llt Ihnen nicht entgegen.<\/p>\n\n\n\n<h2 class=\"wp-block-heading\">So stellen Sie Ihr neues K\u00fchlger\u00e4t waagrecht auf<\/h2>\n\n\n\n<p class=\"wp-block-paragraph\">Die beiden vorderen F\u00fc\u00dfe Ihres K\u00fchlschranks lassen sich variabel nach oben oder unten einstellen. Drehen Sie im Wechsel links und rechts an den F\u00fc\u00dfen und pr\u00fcfen Sie mit einer Wasserwaage, ob Ihre K\u00fchlschrank im Wasser \u2013 also <strong>waagrecht steht<\/strong> \u2013 .<\/p>\n\n\n\n<p class=\"wp-block-paragraph\"><strong>Wartezeit einhalten<\/strong><br>Lag Ihr K\u00fchlger\u00e4t beim Transport schief oder flach, muss das K\u00fchl\u00f6l im Kompressor erst zur\u00fcckflie\u00dfen. Warten Sie deshalb vor dem Einschalten mindestens 12 Stunden.<\/p>\n\n\n\n<p class=\"wp-block-paragraph\"><strong>Auswischen<\/strong><br>Reinigen Sie den Innenraum vor dem ersten Bef\u00fcllen einmal feucht mit etwas Sp\u00fclmittel.<\/p>\n\n\n\n<h2 class=\"wp-block-heading\">Inbetriebnahme<\/h2>\n\n\n\n<p class=\"wp-block-paragraph\"><strong>Stecker einstecken:<\/strong> Schlie\u00dfen Sie Ihr K\u00fchlger\u00e4t an eine <strong>eigene Steckdose<\/strong> an.<br>Verwenden Sie keinesfalls eine Mehrfachsteckdose. Ihr K\u00fchlschrank sollte immer an einer separaten Einzelsteckdose angeschlossen sein.<\/p>\n\n\n\n<p class=\"wp-block-paragraph\"><strong>Temperatur einstellen: <\/strong>Regeln Sie den K\u00fchlteil auf etwa 4 \u00b0C bis 5 \u00b0C und das Gefrierteil auf \u2013 18 \u00b0C ein.<\/p>\n\n\n\n<p class=\"wp-block-paragraph\"><strong>Abk\u00fchlen lassen:<\/strong> Warten Sie einige Stunden, bis Ihr K\u00fchlschrank die Zieltemperatur erreicht hat. Erst danach sollten Sie Ihre Lebensmittel hineinlegen.<\/p>\n\n\n\n<h2 class=\"wp-block-heading\"><a href=\"https:\/\/www.der-pflegedoktor.de\/download-as-ulm-ratgeber-kuehlschrank-aufstellen.pdf\" target=\"_blank\" rel=\"noopener\"><span style=\"color:#d63c42\">PDF-Download der Anleitung<\/span><\/a><\/h2>\n\n\n\n<h2 class=\"wp-block-heading\"><span style=\"color:#d63c42\">Qualit\u00e4t<\/span><\/h2>\n\n\n\n<p class=\"wp-block-paragraph\">F\u00fcr Sie als unsere Kunden kaufen wir nur Qualit\u00e4tsmarken ein, deren Wirkung wir als Produkt getestet und f\u00fcr gut befunden haben. Sollten Sie mit einem Produkt von uns nicht zufrieden sein, dann tauschen wir das gerne kostenlos um oder erstatten Ihnen den vollen Kaufpreis. Wir geben Ihnen eine 100 % tige R\u00fccknahmegarantie.<\/p>\n\n\n\n<p class=\"wp-block-paragraph\"><strong>F\u00fcr Ihre Haushaltsger\u00e4te Ersatzteile:<br>\nG\u00fcnstige Preise \u2013 Markenprodukte \u2013 Qualit\u00e4tsprodukte \u2013 Reinigungsprodukte<br>\nR\u00fccknahmegarantie \u2013 schnelle Lieferung<br>\nBesuchen Sie unseren Shop: <a href=\"https:\/\/www.asulm.de\/\" target=\"_blank\" rel=\"noopener\"><span style=\"color:#d63c42\">www.asulm.de<\/span><\/a><\/strong><\/p>\n\n\n\n<p class=\"wp-block-paragraph\"><center><strong><span style=\"font-size:18px\"><em>Ihnen viel Erfolg beim Aufstellen Ihres neuen K\u00fchlger\u00e4tes. Es w\u00fcrde uns freuen, wenn Sie Ihrem K\u00fchlschrank dadurch zu einer l\u00e4ngeren Lebensdauer verhelfen!<\/em><\/span><\/strong><\/center><\/p>\n\n\n\n<h2 class=\"wp-block-heading\">\u00dcbrigens<\/h2>\n\n\n\n<p class=\"wp-block-paragraph\">Unter <strong><a href=\"https:\/\/www.der-pflegedoktor.de\" target=\"_blank\" rel=\"noopener\"><span style=\"color:#d63c42\">www.der-pflegedoktor.de<\/span><\/a><\/strong> finden Sie professionelle Reinigungsprodukte, die bei regelm\u00e4\u00dfiger Anwendung zus\u00e4tzliche den Energieverbrauch Ihrer Haushaltsger\u00e4te senken und f\u00fcr eine l\u00e4ngere und zuverl\u00e4ssigere Lebensdauer sorgen.<\/p>\n\n\n<p><a href=\"https:\/\/www.der-pflegedoktor.de\/\" target=\"_blank\" rel=\"noopener noreferrer\"><img loading=\"lazy\" decoding=\"async\" class=\"alignnone size-medium\" src=\"https:\/\/www.der-pflegedoktor.de\/foto-wp-header-der-pflegedoktor-as-ulm-2022-620x274.jpg\" width=\"620\" height=\"274\"><\/a><\/p>\n<p><strong>Ersatzteile f\u00fcr Ihren K\u00fchlschrank und Ihre Haushaltsger\u00e4te in Originalqualit\u00e4t<\/strong> oder als hochwertiges Alternativ-Produkt, sowie professionelle Reinigungsprodukte erhalten Sie in unserem Shop <strong><a href=\"https:\/\/www.der-pflegedoktor.de\" rel=\"noopener noreferrer\" target=\"_blank\"><span style=\"color:#d63c42\">www.der-pflegedoktor.de<\/span><\/a><\/strong><br \/>\n<img loading=\"lazy\" decoding=\"async\" src=\"https:\/\/www.der-pflegedoktor.de\/grafik-wp-strich-rot-620x10.gif\" width=\"620\" height=\"10\" class=\"alignnone size-medium\"><\/p>\n<p><a href=\"https:\/\/www.der-pflegedoktor.de\/download-ratgeber.pdf\" rel=\"noopener noreferrer\" target=\"_blank\"><img loading=\"lazy\" decoding=\"async\" src=\"https:\/\/www.der-pflegedoktor.de\/grafik-ratgeber-84x120.jpg\" width=\"84\" height=\"120\" class=\"alignright size-full\"><\/a><strong>Sie finden bei uns den kostenlosen Ratgeber mit interessanten Tipps rund um die K\u00fcchenpflege. Informieren Sie sich noch heute unverbindlich auf unseren  Internetseiten.<\/strong><\/p>\n<p><strong>Mehr: <a href=\"https:\/\/www.der-pflegedoktor.de\/download-ratgeber.pdf\" title=\"Download kostenloser Ratgeber\" target=\"_blank\" rel=\"noopener\"><span style=\"color:#d63c42\">Kostenloser Ratgeber herunterladen<\/span><\/a><\/strong><\/p>\n<p><a href=\"https:\/\/www.der-pflegedoktor.de\/\" target=\"_blank\" rel=\"noopener\"><img loading=\"lazy\" decoding=\"async\" src=\"https:\/\/www.der-pflegedoktor.de\/grafik-logo-geraete-asulm-pflegedoktor-620x94.jpg\" alt=\"Logoleiste AS Ulm Der Pflegedoktor f\u00fcr Ihre Haushaltsger\u00e4te\" title=\"Blog-Logoleiste-unten-B445\" width=\"620\" height=\"94\" class=\"size-full wp-image-62\"><\/a><\/p>\n<p><a href=\"https:\/\/www.der-pflegedoktor.de\" target=\"_blank\" rel=\"noopener\"><img loading=\"lazy\" decoding=\"async\" src=\"https:\/\/www.der-pflegedoktor.de\/grafik-shop-siegel-aktuell-100x160.jpg\" width=\"100\" height=\"160\" class=\"alignright\"><\/a><strong><a href=\"https:\/\/www.der-pflegedoktor.de\/\" target=\"_blank\" rel=\"noopener\"><span style=\"color:#d63c42\">Der Pflegedoktor &#8211; AS Ulm Achim Schmid<\/span><\/a><\/strong><br \/>\nErsatzteile &amp; Pflege f\u00fcr den Haushalt<br \/>\nEichengrund 105, D-89075 Ulm<br \/>\nTelefon: Telefon: 0731\/55218994, Fax: 0731\/55218995<br \/>\nE-Mail: <strong><a href=\"mailto:info@asulm.de\"><span style=\"color:#d63c42\">info@asulm.de<\/span><\/a><\/strong><br \/>\nInternet: <strong><a href=\"https:\/\/www.der-pflegedoktor.de\" target=\"_blank\" rel=\"noopener\"><span style=\"color:#d63c42\">www.der-pflegedoktor.de<\/span><\/a><\/strong><br \/>\nH\u00e4ndlershop f\u00fcr Ersatzteile: <a href=\"https:\/\/www.asulm-haustechnik.de\"><span style=\"color:#d63c42\"><strong>AS ULM Haustechnik<\/strong><\/span><\/a><\/p>","protected":false},"excerpt":{"rendered":"<p>So stellen Sie Ihr neues K\u00fchlger\u00e4t richtig auf! W\u00e4hlen Sie zuerst den Platz aus, wo Ihre K\u00fchl- Gefrierkombination bzw. Ihr K\u00fchlschrank stehen soll. Untergrund: Der Boden muss trocken, eben und fest sein. Wandabstand: Lassen Sie nach hinten und zu den Seiten ein paar Zentimeter Luft (ca.5 bis 10 cm), damit die warme Luft entweichen kann und keine brummenden Ger\u00e4usche durch Vibrationen entstehen. Keine Hitze: Vermeiden Sie die direkte Sonneneinwirkung, die N\u00e4he zum Herd und zum Heizk\u00f6rper. K\u00fchlger\u00e4te haben meistens nur vorne F\u00fc\u00dfe, hinten sind Rollen. Stellen Sie zun\u00e4chst die F\u00fc\u00dfe an Ihrem K\u00fchlschrank so ein, dass Ihr K\u00fchlger\u00e4te sicher steht. So richten Sie Ihr neues K\u00fchlger\u00e4t richtig aus Ist Ihr K\u00fchlger\u00e4t soweit aufgestellt, geht es an die Feinheiten. \u2026 vollst\u00e4ndigen Presseartikel lesen bei WordPress: https:\/\/der-pflegedoktor.de\/blog\/ratgeber-aufstellen-anschliessen-kuehlgeraet\/<\/p>\n","protected":false},"author":1,"featured_media":0,"comment_status":"open","ping_status":"open","sticky":false,"template":"","format":"standard","meta":{"footnotes":""},"categories":[1,961,15,7,1115,3],"tags":[1119,1072,1208,485,1206,410,1207,1204,1205,1201,423,921,1127,1116,1203,1202],"class_list":["post-2165","post","type-post","status-publish","format-standard","hentry","category-allgemein","category-einbauanleitungen","category-haushaltsgeraete","category-kuche","category-kuehlschrank","category-ratgeber","tag-aufstellen","tag-bedienungsanleitung","tag-gefrierteil","tag-heizkorper","tag-hitze","tag-inbetriebnahme","tag-kompressor","tag-kuehl-gefrierkombination","tag-kuehlgeraet","tag-kuehlgeraets","tag-kuhlschrank","tag-ratgeber","tag-steckdose","tag-temperatur","tag-transport","tag-waagrecht"],"_links":{"self":[{"href":"https:\/\/der-pflegedoktor.de\/blog\/wp-json\/wp\/v2\/posts\/2165","targetHints":{"allow":["GET"]}}],"collection":[{"href":"https:\/\/der-pflegedoktor.de\/blog\/wp-json\/wp\/v2\/posts"}],"about":[{"href":"https:\/\/der-pflegedoktor.de\/blog\/wp-json\/wp\/v2\/types\/post"}],"author":[{"embeddable":true,"href":"https:\/\/der-pflegedoktor.de\/blog\/wp-json\/wp\/v2\/users\/1"}],"replies":[{"embeddable":true,"href":"https:\/\/der-pflegedoktor.de\/blog\/wp-json\/wp\/v2\/comments?post=2165"}],"version-history":[{"count":3,"href":"https:\/\/der-pflegedoktor.de\/blog\/wp-json\/wp\/v2\/posts\/2165\/revisions"}],"predecessor-version":[{"id":2173,"href":"https:\/\/der-pflegedoktor.de\/blog\/wp-json\/wp\/v2\/posts\/2165\/revisions\/2173"}],"wp:attachment":[{"href":"https:\/\/der-pflegedoktor.de\/blog\/wp-json\/wp\/v2\/media?parent=2165"}],"wp:term":[{"taxonomy":"category","embeddable":true,"href":"https:\/\/der-pflegedoktor.de\/blog\/wp-json\/wp\/v2\/categories?post=2165"},{"taxonomy":"post_tag","embeddable":true,"href":"https:\/\/der-pflegedoktor.de\/blog\/wp-json\/wp\/v2\/tags?post=2165"}],"curies":[{"name":"wp","href":"https:\/\/api.w.org\/{rel}","templated":true}]}}